{"id":17259,"date":"2025-10-27T10:54:48","date_gmt":"2025-10-27T09:54:48","guid":{"rendered":"https:\/\/iprocel.com\/?p=17259"},"modified":"2025-10-27T10:54:48","modified_gmt":"2025-10-27T09:54:48","slug":"iprocel-finaliza-los-trabajos-epc-de-la-subestacion-el-carrizo-69-345-kv-en-guatemala","status":"publish","type":"post","link":"https:\/\/iprocel.com\/en\/iprocel-finaliza-los-trabajos-epc-de-la-subestacion-el-carrizo-69-345-kv-en-guatemala\/","title":{"rendered":"IPROCEL completes the EPC works of the El Carrizo 69\/34.5 kV substation in Guatemala."},"content":{"rendered":"<p class=\"wp-block-paragraph\">IPROCEL has successfully completed the construction and commissioning of the El Carrizo 69\/34.5 kV - 60\/70 MVA substation, an infrastructure promoted by Ecoener and linked to the photovoltaic plant of the same name, located in the department of Escuintla.<\/p>\n\n\n\n<p class=\"wp-block-paragraph\">Thanks to this substation, the renewable energy generated is integrated into the national grid managed by TRELEC - EPM Guatemala, reinforcing the capacity of the electricity system and guaranteeing a cleaner and more stable supply in the region.<\/p>\n\n\n\n<p class=\"wp-block-paragraph\">The scope of the project included the detailed engineering of the installation and associated systems, the supply of the main electrical equipment, the execution of the electromechanical assembly and connections in the field, as well as FAT and SAT tests, coordination of protections and verification of the automation systems.<\/p>\n\n\n\n<p class=\"wp-block-paragraph\">With the completion of this project, IPROCEL consolidates its presence in Guatemala, one of the company's strategic markets in Latin America, and reaffirms its role as a reference partner in EPC solutions for the electricity sector.<\/p>\n\n\n\n<p class=\"wp-block-paragraph\"><\/p>","protected":false},"excerpt":{"rendered":"<p>IPROCEL ha completado con \u00e9xito la construcci\u00f3n y puesta en servicio de la Subestaci\u00f3n El Carrizo 69\/34,5 kV \u2013 60\/70 MVA, una infraestructura promovida por Ecoener y vinculada a la planta fotovoltaica del mismo nombre, ubicada en el departamento de Escuintla. Gracias a esta subestaci\u00f3n, la energ\u00eda renovable generada se integra a la red nacional [&hellip;]<\/p>","protected":false},"author":3,"featured_media":17265,"comment_status":"open","ping_status":"open","sticky":false,"template":"","format":"standard","meta":{"_jetpack_memberships_contains_paid_content":false,"footnotes":""},"categories":[1],"tags":[],"class_list":["post-17259","post","type-post","status-publish","format-standard","has-post-thumbnail","hentry","category-sin-categoria"],"jetpack_featured_media_url":"https:\/\/iprocel.com\/wp-content\/uploads\/2025\/09\/1-scaled.jpg","jetpack_sharing_enabled":true,"_links":{"self":[{"href":"https:\/\/iprocel.com\/en\/wp-json\/wp\/v2\/posts\/17259","targetHints":{"allow":["GET"]}}],"collection":[{"href":"https:\/\/iprocel.com\/en\/wp-json\/wp\/v2\/posts"}],"about":[{"href":"https:\/\/iprocel.com\/en\/wp-json\/wp\/v2\/types\/post"}],"author":[{"embeddable":true,"href":"https:\/\/iprocel.com\/en\/wp-json\/wp\/v2\/users\/3"}],"replies":[{"embeddable":true,"href":"https:\/\/iprocel.com\/en\/wp-json\/wp\/v2\/comments?post=17259"}],"version-history":[{"count":1,"href":"https:\/\/iprocel.com\/en\/wp-json\/wp\/v2\/posts\/17259\/revisions"}],"predecessor-version":[{"id":17260,"href":"https:\/\/iprocel.com\/en\/wp-json\/wp\/v2\/posts\/17259\/revisions\/17260"}],"wp:featuredmedia":[{"embeddable":true,"href":"https:\/\/iprocel.com\/en\/wp-json\/wp\/v2\/media\/17265"}],"wp:attachment":[{"href":"https:\/\/iprocel.com\/en\/wp-json\/wp\/v2\/media?parent=17259"}],"wp:term":[{"taxonomy":"category","embeddable":true,"href":"https:\/\/iprocel.com\/en\/wp-json\/wp\/v2\/categories?post=17259"},{"taxonomy":"post_tag","embeddable":true,"href":"https:\/\/iprocel.com\/en\/wp-json\/wp\/v2\/tags?post=17259"}],"curies":[{"name":"wp","href":"https:\/\/api.w.org\/{rel}","templated":true}]}}