{"id":17306,"date":"2026-05-19T12:44:05","date_gmt":"2026-05-19T10:44:05","guid":{"rendered":"https:\/\/iprocel.com\/?p=17306"},"modified":"2026-05-19T12:46:04","modified_gmt":"2026-05-19T10:46:04","slug":"iprocel-participa-en-la-10a-edicion-de-la-carrera-de-las-empresas-de-canarias7","status":"publish","type":"post","link":"https:\/\/iprocel.com\/en\/iprocel-participa-en-la-10a-edicion-de-la-carrera-de-las-empresas-de-canarias7\/","title":{"rendered":"IPROCEL participa en la 10\u00aa edici\u00f3n de la Carrera de las Empresas de Canarias7"},"content":{"rendered":"<p class=\"wp-block-paragraph\">El pasado domingo 17 de mayo, parte del equipo de IPROCEL particip\u00f3 en la 10\u00aa edici\u00f3n de la <strong>Carrera de las Empresas<\/strong>, una iniciativa impulsada por el peri\u00f3dico <strong>Canarias7<\/strong> que reuni\u00f3 a numerosas compa\u00f1\u00edas en torno al deporte, la vida saludable y el compa\u00f1erismo. <\/p>\n\n\n\n<p class=\"wp-block-paragraph\">La jornada permiti\u00f3 a nuestros compa\u00f1eros disfrutar de una experiencia diferente fuera del entorno laboral, compartiendo kil\u00f3metros, esfuerzo y muy buen ambiente. Este tipo de iniciativas refuerzan la importancia del trabajo en equipo, no solo dentro de la oficina, sino tambi\u00e9n en actividades que fomentan la conexi\u00f3n, la motivaci\u00f3n y el bienestar entre compa\u00f1eros.<\/p>\n\n\n\n<p class=\"wp-block-paragraph\">Desde IPROCEL queremos felicitar a todos nuestros participantes por su entusiasmo, energ\u00eda y esp\u00edritu de equipo.<\/p>\n\n\n\n<p class=\"wp-block-paragraph\"><strong>\u00a1Enhorabuena, runners!<\/strong><\/p>\n\n\n\n<p class=\"wp-block-paragraph\">Hasta el pr\u00f3ximo a\u00f1o&#8230;<\/p>\n\n\n\n<figure class=\"wp-block-image size-large\"><img loading=\"lazy\" decoding=\"async\" width=\"1024\" height=\"769\" src=\"https:\/\/iprocel.com\/wp-content\/uploads\/2026\/05\/Corredores-1-1024x769.jpeg\" alt=\"\" class=\"wp-image-17311\" srcset=\"https:\/\/iprocel.com\/wp-content\/uploads\/2026\/05\/Corredores-1-1024x769.jpeg 1024w, https:\/\/iprocel.com\/wp-content\/uploads\/2026\/05\/Corredores-1-300x225.jpeg 300w, https:\/\/iprocel.com\/wp-content\/uploads\/2026\/05\/Corredores-1-768x576.jpeg 768w, https:\/\/iprocel.com\/wp-content\/uploads\/2026\/05\/Corredores-1-1536x1153.jpeg 1536w, https:\/\/iprocel.com\/wp-content\/uploads\/2026\/05\/Corredores-1-16x12.jpeg 16w, https:\/\/iprocel.com\/wp-content\/uploads\/2026\/05\/Corredores-1.jpeg 2048w\" sizes=\"(max-width: 1024px) 100vw, 1024px\" \/><\/figure>","protected":false},"excerpt":{"rendered":"<p>El pasado domingo 17 de mayo, parte del equipo de IPROCEL particip\u00f3 en la 10\u00aa edici\u00f3n de la Carrera de las Empresas, una iniciativa impulsada por el peri\u00f3dico Canarias7 que reuni\u00f3 a numerosas compa\u00f1\u00edas en torno al deporte, la vida saludable y el compa\u00f1erismo. La jornada permiti\u00f3 a nuestros compa\u00f1eros disfrutar de una experiencia diferente [&hellip;]<\/p>","protected":false},"author":3,"featured_media":17309,"comment_status":"open","ping_status":"open","sticky":false,"template":"","format":"standard","meta":{"_jetpack_memberships_contains_paid_content":false,"footnotes":""},"categories":[1],"tags":[],"class_list":["post-17306","post","type-post","status-publish","format-standard","has-post-thumbnail","hentry","category-sin-categoria"],"jetpack_featured_media_url":"https:\/\/iprocel.com\/wp-content\/uploads\/2026\/05\/WhatsApp-Image-2026-05-19-at-10.13.39.jpeg","jetpack_sharing_enabled":true,"_links":{"self":[{"href":"https:\/\/iprocel.com\/en\/wp-json\/wp\/v2\/posts\/17306","targetHints":{"allow":["GET"]}}],"collection":[{"href":"https:\/\/iprocel.com\/en\/wp-json\/wp\/v2\/posts"}],"about":[{"href":"https:\/\/iprocel.com\/en\/wp-json\/wp\/v2\/types\/post"}],"author":[{"embeddable":true,"href":"https:\/\/iprocel.com\/en\/wp-json\/wp\/v2\/users\/3"}],"replies":[{"embeddable":true,"href":"https:\/\/iprocel.com\/en\/wp-json\/wp\/v2\/comments?post=17306"}],"version-history":[{"count":2,"href":"https:\/\/iprocel.com\/en\/wp-json\/wp\/v2\/posts\/17306\/revisions"}],"predecessor-version":[{"id":17312,"href":"https:\/\/iprocel.com\/en\/wp-json\/wp\/v2\/posts\/17306\/revisions\/17312"}],"wp:featuredmedia":[{"embeddable":true,"href":"https:\/\/iprocel.com\/en\/wp-json\/wp\/v2\/media\/17309"}],"wp:attachment":[{"href":"https:\/\/iprocel.com\/en\/wp-json\/wp\/v2\/media?parent=17306"}],"wp:term":[{"taxonomy":"category","embeddable":true,"href":"https:\/\/iprocel.com\/en\/wp-json\/wp\/v2\/categories?post=17306"},{"taxonomy":"post_tag","embeddable":true,"href":"https:\/\/iprocel.com\/en\/wp-json\/wp\/v2\/tags?post=17306"}],"curies":[{"name":"wp","href":"https:\/\/api.w.org\/{rel}","templated":true}]}}